{"id":148,"date":"2014-01-10T22:56:11","date_gmt":"2014-01-10T20:56:11","guid":{"rendered":"http:\/\/stefanthoeni.ch\/?p=148"},"modified":"2014-01-10T22:56:11","modified_gmt":"2014-01-10T20:56:11","slug":"unsere-kinder-sollen-frei-sein-wie-die-vater-es-waren","status":"publish","type":"post","link":"https:\/\/stefanthoeni.ch\/index.php\/2014\/01\/10\/unsere-kinder-sollen-frei-sein-wie-die-vater-es-waren\/","title":{"rendered":"Unsere Kinder sollen frei sein, wie die V\u00e4ter es waren"},"content":{"rendered":"<p>Dass Energydrinks ungesund und f\u00fcr Kinder ungeeignet sind, steht ausser Frage. Den Konsum auf dem Pausenhof zu verbieten, geht aber viel zu weit. Es darf nicht sein, dass der Staat alles verbietet, was ungesund, gef\u00e4hrlich oder sonst wie unklug ist. Dass die Schule Regeln aufstellen muss, um den Unterricht zu gew\u00e4hrleisten, ist richtig und wichtig. Aber bereits das Handyverbot auf dem Pausenplatz geht zu weit. Anders sieht es mit dem Rauchverbot f\u00fcr Schulkinder aus: Das Rauchen gef\u00e4hrdet die Mitmenschen, macht abh\u00e4ngig und ist f\u00fcr Kinder besonders sch\u00e4dlich.<\/p>\n<p>Wir Piraten sind der \u00dcberzeugung, dass die Verantwortung f\u00fcr das Essverhalten der Schulkinder bei den Eltern und den Kindern selbst liegen sollte. Verbote sind nicht hilfreich, die Eltern dabei zu unterst\u00fctzen, die Kinder \u00fcber Ern\u00e4hrungsfragen aufzukl\u00e4ren und sie insgesamt zu selbstbestimmten und verantwortungsbewussten Menschen zu erziehen. Nur so k\u00f6nnen unsere T\u00f6chter und S\u00f6hne frei sein, wie unsere V\u00e4ter es waren.<\/p>\n<p><i>Erschienen als Leserbrief in der Neuen Zuger Zeitung vom 10. Dezember 2013.<\/i><\/p>\n","protected":false},"excerpt":{"rendered":"<p>Dass Energydrinks ungesund und f\u00fcr Kinder ungeeignet sind, steht ausser Frage. Den Konsum auf dem Pausenhof zu verbieten, geht aber viel zu weit.&hellip;<\/p>\n","protected":false},"author":2,"featured_media":0,"comment_status":"open","ping_status":"closed","sticky":false,"template":"","format":"standard","meta":{"footnotes":""},"categories":[9,21,2],"tags":[92,91],"class_list":["post-148","post","type-post","status-publish","format-standard","hentry","category-bildung-kultur","category-kanton-zug","category-politik","tag-schule","tag-verbot"],"_links":{"self":[{"href":"https:\/\/stefanthoeni.ch\/index.php\/wp-json\/wp\/v2\/posts\/148","targetHints":{"allow":["GET"]}}],"collection":[{"href":"https:\/\/stefanthoeni.ch\/index.php\/wp-json\/wp\/v2\/posts"}],"about":[{"href":"https:\/\/stefanthoeni.ch\/index.php\/wp-json\/wp\/v2\/types\/post"}],"author":[{"embeddable":true,"href":"https:\/\/stefanthoeni.ch\/index.php\/wp-json\/wp\/v2\/users\/2"}],"replies":[{"embeddable":true,"href":"https:\/\/stefanthoeni.ch\/index.php\/wp-json\/wp\/v2\/comments?post=148"}],"version-history":[{"count":1,"href":"https:\/\/stefanthoeni.ch\/index.php\/wp-json\/wp\/v2\/posts\/148\/revisions"}],"predecessor-version":[{"id":149,"href":"https:\/\/stefanthoeni.ch\/index.php\/wp-json\/wp\/v2\/posts\/148\/revisions\/149"}],"wp:attachment":[{"href":"https:\/\/stefanthoeni.ch\/index.php\/wp-json\/wp\/v2\/media?parent=148"}],"wp:term":[{"taxonomy":"category","embeddable":true,"href":"https:\/\/stefanthoeni.ch\/index.php\/wp-json\/wp\/v2\/categories?post=148"},{"taxonomy":"post_tag","embeddable":true,"href":"https:\/\/stefanthoeni.ch\/index.php\/wp-json\/wp\/v2\/tags?post=148"}],"curies":[{"name":"wp","href":"https:\/\/api.w.org\/{rel}","templated":true}]}}