{"id":161,"date":"2014-02-03T12:54:50","date_gmt":"2014-02-03T10:54:50","guid":{"rendered":"http:\/\/stefanthoeni.ch\/?p=161"},"modified":"2014-02-03T12:55:26","modified_gmt":"2014-02-03T10:55:26","slug":"sieg-fur-die-freiheit-gegen-ubermassige-verhaftungen","status":"publish","type":"post","link":"https:\/\/stefanthoeni.ch\/index.php\/2014\/02\/03\/sieg-fur-die-freiheit-gegen-ubermassige-verhaftungen\/","title":{"rendered":"Sieg f\u00fcr die Freiheit gegen willk\u00fcrliche Verhaftungen"},"content":{"rendered":"<p>Fast unbemerkt geblieben w\u00e4re ein aktueller Sieg der Freiheit, insbesondere des Rechts friedlich zu demonstrieren.<\/p>\n<p>Wie so oft wurden auch am 1. Mai 2011 in Z\u00fcrich haufenweise Menschen von der Polizei eingekesselt, als Gefangene weggef\u00fchrt und stundenlang in Zelle eingesperrt. Notabene, ohne dass ihnen eine Straftat auch nur vorgeworfen worden w\u00e4re. Zudem wurde ihnen der Zugang zum Haftrichter verweigert.<\/p>\n<p>Mit <a href=\"http:\/\/jumpcgi.bger.ch\/cgi-bin\/JumpCGI?id=22.01.2014_1C_350\/2013\">Urteil vom 22. Januar 2014<\/a> hat das Bundesgericht befunden, dass es sich dabei entgegen den Ansagen der Z\u00fcrcher Polizei sehr wohl um einen Freiheitsentzug gehandelt hat. Damit wird jetzt zu pr\u00fcfen sein, ob diesen Demonstranten bzw. Passanten tats\u00e4chlich etwas vorzuwerfen ist, oder ob sie von der Polizei willk\u00fcrlich und rechtswidrig verhaftet wurden.<\/p>\n<p>Alle Polizeien der Schweiz m\u00fcssen jetzt \u00fcber die B\u00fccher. Es darf nicht l\u00e4nger sein, dass an Demonstranten und Passanten, denen nicht einmal der Vorwurf einer Straftat gemacht werden kann, von der Polizei drangsaliert werden. Eine solche Aush\u00f6hlung des Demonstrationsrechts ist keinesfalls hinzunehmen.<\/p>\n","protected":false},"excerpt":{"rendered":"<p>Fast unbemerkt geblieben w\u00e4re ein aktueller Sieg der Freiheit, insbesondere des Rechts friedlich zu demonstrieren. Wie so oft wurden auch am 1. Mai&hellip;<\/p>\n","protected":false},"author":2,"featured_media":0,"comment_status":"open","ping_status":"closed","sticky":false,"template":"","format":"standard","meta":{"footnotes":""},"categories":[22,2,8,20],"tags":[44,66,96,95,97],"class_list":["post-161","post","type-post","status-publish","format-standard","hentry","category-international","category-politik","category-rechtsstaat","category-schweiz","tag-bundesgericht","tag-demonstration","tag-freiheitsentzug","tag-grundrecht","tag-verhaftung"],"_links":{"self":[{"href":"https:\/\/stefanthoeni.ch\/index.php\/wp-json\/wp\/v2\/posts\/161","targetHints":{"allow":["GET"]}}],"collection":[{"href":"https:\/\/stefanthoeni.ch\/index.php\/wp-json\/wp\/v2\/posts"}],"about":[{"href":"https:\/\/stefanthoeni.ch\/index.php\/wp-json\/wp\/v2\/types\/post"}],"author":[{"embeddable":true,"href":"https:\/\/stefanthoeni.ch\/index.php\/wp-json\/wp\/v2\/users\/2"}],"replies":[{"embeddable":true,"href":"https:\/\/stefanthoeni.ch\/index.php\/wp-json\/wp\/v2\/comments?post=161"}],"version-history":[{"count":2,"href":"https:\/\/stefanthoeni.ch\/index.php\/wp-json\/wp\/v2\/posts\/161\/revisions"}],"predecessor-version":[{"id":163,"href":"https:\/\/stefanthoeni.ch\/index.php\/wp-json\/wp\/v2\/posts\/161\/revisions\/163"}],"wp:attachment":[{"href":"https:\/\/stefanthoeni.ch\/index.php\/wp-json\/wp\/v2\/media?parent=161"}],"wp:term":[{"taxonomy":"category","embeddable":true,"href":"https:\/\/stefanthoeni.ch\/index.php\/wp-json\/wp\/v2\/categories?post=161"},{"taxonomy":"post_tag","embeddable":true,"href":"https:\/\/stefanthoeni.ch\/index.php\/wp-json\/wp\/v2\/tags?post=161"}],"curies":[{"name":"wp","href":"https:\/\/api.w.org\/{rel}","templated":true}]}}