{"id":271,"date":"2014-09-01T12:00:03","date_gmt":"2014-09-01T10:00:03","guid":{"rendered":"http:\/\/stefanthoeni.ch\/?p=271"},"modified":"2014-09-01T12:00:03","modified_gmt":"2014-09-01T10:00:03","slug":"kaltstellen-ist-die-falsche-losung","status":"publish","type":"post","link":"https:\/\/stefanthoeni.ch\/index.php\/2014\/09\/01\/kaltstellen-ist-die-falsche-losung\/","title":{"rendered":"\u00abKaltstellen\u00bb ist die falsche L\u00f6sung"},"content":{"rendered":"<p>Auch gew\u00e4hlte Regierungsr\u00e4te und Richter k\u00f6nnen sich trotz bester Auswahl als f\u00fcr das Amt unbrauchbar erweisen. Die aktuell gew\u00e4hlte L\u00f6sung \u00abkaltstellen\u00bb ist in solchen F\u00e4llen nicht nur teuer, sondern auch aus demokratischen und rechtsstaatlichen Gesichtspunkten nicht optimal. Immerhin wird ein vom Volk gew\u00e4hlter Richter in einem nicht formalisierten Verfahren daran gehindert, sein Amt auszu\u00fcben. Dies hat, so richtig die Entscheidung auch sein mag, einen gewissen Nachgeschmack.<\/p>\n<p>Deshalb bef\u00fcrworten die Piraten grunds\u00e4tzlich die M\u00f6glichkeit der Amtsenthebung. Es handelt sich dabei aber um eine rein rechtliche Entscheidung, die ausschliesslich aus Gr\u00fcnden des schweren Fehlverhaltens oder der Unm\u00f6glichkeit einer weiteren Amtsf\u00fchrung m\u00f6glich sein kann. Diese Gr\u00fcnde sind vorg\u00e4ngig und abschliessend im Gesetz aufzuz\u00e4hlen, um eine Amtsenthebung aus Opportunit\u00e4tsgr\u00fcnden zu verhindern. Ausserdem ist der Kantonsrat, ein \u00fcberaus politisches Gremium, der falsche Entscheider. Die Entscheidung soll stattdessen f\u00fcr die Mitglieder des Verwaltungsgerichts beim Obergericht und f\u00fcr alle anderen Amtstr\u00e4ger beim Verwaltungsgericht liegen, damit ein faires Verfahren gew\u00e4hrleistet ist.<\/p>\n<p><em>Erschienen als Leserbrief in der Neuen Zuger Zeitung vom 28. August 2014.<\/em><\/p>\n","protected":false},"excerpt":{"rendered":"<p>Auch gew\u00e4hlte Regierungsr\u00e4te und Richter k\u00f6nnen sich trotz bester Auswahl als f\u00fcr das Amt unbrauchbar erweisen. Die aktuell gew\u00e4hlte L\u00f6sung \u00abkaltstellen\u00bb ist in&hellip;<\/p>\n","protected":false},"author":2,"featured_media":273,"comment_status":"open","ping_status":"closed","sticky":false,"template":"","format":"standard","meta":{"footnotes":""},"categories":[21,2,8],"tags":[128,51,46,75,129],"class_list":["post-271","post","type-post","status-publish","format-standard","has-post-thumbnail","hentry","category-kanton-zug","category-politik","category-rechtsstaat","tag-amtsenthebung","tag-gericht","tag-kantonsrat","tag-piraten","tag-reigerungsrat"],"_links":{"self":[{"href":"https:\/\/stefanthoeni.ch\/index.php\/wp-json\/wp\/v2\/posts\/271","targetHints":{"allow":["GET"]}}],"collection":[{"href":"https:\/\/stefanthoeni.ch\/index.php\/wp-json\/wp\/v2\/posts"}],"about":[{"href":"https:\/\/stefanthoeni.ch\/index.php\/wp-json\/wp\/v2\/types\/post"}],"author":[{"embeddable":true,"href":"https:\/\/stefanthoeni.ch\/index.php\/wp-json\/wp\/v2\/users\/2"}],"replies":[{"embeddable":true,"href":"https:\/\/stefanthoeni.ch\/index.php\/wp-json\/wp\/v2\/comments?post=271"}],"version-history":[{"count":1,"href":"https:\/\/stefanthoeni.ch\/index.php\/wp-json\/wp\/v2\/posts\/271\/revisions"}],"predecessor-version":[{"id":272,"href":"https:\/\/stefanthoeni.ch\/index.php\/wp-json\/wp\/v2\/posts\/271\/revisions\/272"}],"wp:featuredmedia":[{"embeddable":true,"href":"https:\/\/stefanthoeni.ch\/index.php\/wp-json\/wp\/v2\/media\/273"}],"wp:attachment":[{"href":"https:\/\/stefanthoeni.ch\/index.php\/wp-json\/wp\/v2\/media?parent=271"}],"wp:term":[{"taxonomy":"category","embeddable":true,"href":"https:\/\/stefanthoeni.ch\/index.php\/wp-json\/wp\/v2\/categories?post=271"},{"taxonomy":"post_tag","embeddable":true,"href":"https:\/\/stefanthoeni.ch\/index.php\/wp-json\/wp\/v2\/tags?post=271"}],"curies":[{"name":"wp","href":"https:\/\/api.w.org\/{rel}","templated":true}]}}