{"id":388,"date":"2015-07-31T09:57:04","date_gmt":"2015-07-31T07:57:04","guid":{"rendered":"https:\/\/stefanthoeni.ch\/?p=388"},"modified":"2015-07-31T10:03:33","modified_gmt":"2015-07-31T08:03:33","slug":"die-schweiz-muss-mehr-fluchtlinge-aufnehmen","status":"publish","type":"post","link":"https:\/\/stefanthoeni.ch\/index.php\/2015\/07\/31\/die-schweiz-muss-mehr-fluchtlinge-aufnehmen\/","title":{"rendered":"Die Schweiz muss mehr Fl\u00fcchtlinge aufnehmen"},"content":{"rendered":"<p>Millionen von Menschen sind auf der Flucht vor Krieg und Hunger. Die allermeisten davon in \u00e4rmeren L\u00e4ndern wie dem Iran, der T\u00fcrkei und dem krisengebeutelten Griechenland. Derweil streiten wir uns in der Schweiz \u00fcber die Verteilung von wenigen tausend Gefl\u00fcchteten und bezeichnen das als \u201eAsylkrise\u201c. <\/p>\n<p>Bevor wir weiter in Abschreckung mit Videos und Inseraten investieren sollten wir mal innehalten und uns \u00fcberlegen, dass wir hier \u00fcber Menschen sprechen, die vor Terror und Perspektivlosigkeit fliehen. Sie abzuschrecken ist nicht nur menschenverachtend, sondern auch v\u00f6llig sinnlos.<\/p>\n<p>Die Schweiz kann und muss mehr gefl\u00fcchtete Menschen aufnehmen und diese vern\u00fcnftig unterbringen. Daf\u00fcr m\u00fcssen wir Platz schaffen, die Bauindustrie ankurbeln und damit Arbeitspl\u00e4tze schaffen. Die dezentrale Unterbringung ist wichtig, denn sie verhindert Ghettoisierung und f\u00f6rdert die Integration. Zeltlager und Zivilschutzbunker dagegen machen diese Menschen ungesund und unzufrieden und verursachen so mehr Probleme als sie Kosten sparen.<\/p>\n<p><em>Erschienen als Leserbrief in der Neuen Zuger Zeitung vom 31. Juli 2015.<\/em><\/p>\n","protected":false},"excerpt":{"rendered":"<p>Millionen von Menschen sind auf der Flucht vor Krieg und Hunger. Die allermeisten davon in \u00e4rmeren L\u00e4ndern wie dem Iran, der T\u00fcrkei und&hellip;<\/p>\n","protected":false},"author":2,"featured_media":389,"comment_status":"open","ping_status":"closed","sticky":false,"template":"","format":"standard","meta":{"footnotes":""},"categories":[22,133,2,20],"tags":[134,148],"class_list":["post-388","post","type-post","status-publish","format-standard","has-post-thumbnail","hentry","category-international","category-menschenrechte","category-politik","category-schweiz","tag-asyl","tag-fluchtlinge"],"_links":{"self":[{"href":"https:\/\/stefanthoeni.ch\/index.php\/wp-json\/wp\/v2\/posts\/388","targetHints":{"allow":["GET"]}}],"collection":[{"href":"https:\/\/stefanthoeni.ch\/index.php\/wp-json\/wp\/v2\/posts"}],"about":[{"href":"https:\/\/stefanthoeni.ch\/index.php\/wp-json\/wp\/v2\/types\/post"}],"author":[{"embeddable":true,"href":"https:\/\/stefanthoeni.ch\/index.php\/wp-json\/wp\/v2\/users\/2"}],"replies":[{"embeddable":true,"href":"https:\/\/stefanthoeni.ch\/index.php\/wp-json\/wp\/v2\/comments?post=388"}],"version-history":[{"count":2,"href":"https:\/\/stefanthoeni.ch\/index.php\/wp-json\/wp\/v2\/posts\/388\/revisions"}],"predecessor-version":[{"id":391,"href":"https:\/\/stefanthoeni.ch\/index.php\/wp-json\/wp\/v2\/posts\/388\/revisions\/391"}],"wp:featuredmedia":[{"embeddable":true,"href":"https:\/\/stefanthoeni.ch\/index.php\/wp-json\/wp\/v2\/media\/389"}],"wp:attachment":[{"href":"https:\/\/stefanthoeni.ch\/index.php\/wp-json\/wp\/v2\/media?parent=388"}],"wp:term":[{"taxonomy":"category","embeddable":true,"href":"https:\/\/stefanthoeni.ch\/index.php\/wp-json\/wp\/v2\/categories?post=388"},{"taxonomy":"post_tag","embeddable":true,"href":"https:\/\/stefanthoeni.ch\/index.php\/wp-json\/wp\/v2\/tags?post=388"}],"curies":[{"name":"wp","href":"https:\/\/api.w.org\/{rel}","templated":true}]}}