{"id":464,"date":"2016-06-22T17:50:40","date_gmt":"2016-06-22T15:50:40","guid":{"rendered":"https:\/\/stefanthoeni.ch\/?p=464"},"modified":"2020-08-17T02:58:25","modified_gmt":"2020-08-17T00:58:25","slug":"jihadsympathie-als-gedankenverbrechen","status":"publish","type":"post","link":"https:\/\/stefanthoeni.ch\/index.php\/2016\/06\/22\/jihadsympathie-als-gedankenverbrechen\/","title":{"rendered":"Jihadsympathie als Gedankenverbrechen?"},"content":{"rendered":"<p>Der Bundesrat will Jihadreisen pr\u00e4ventiv verhindern, indem er Personen, die mit dem heiligen Krieg sympathisieren zur regelm\u00e4ssigen Meldung auf dem Polizeiposten verpflichten oder ihnen gar vorsorglich den Pass wegnehmen will.<\/p>\n<p>Zu Recht ist es Schweizern heute verboten, in fremden Armeen als S\u00f6ldner zu dienen, auch wenn der relevante Art. 94 des Milit\u00e4rstrafgesetzbuches etwas eingestaubt ist und den v\u00f6llig abstrusen Grund der \u201cSchw\u00e4chung der Wehrkraft\u201d anf\u00fchrt. Spannend w\u00e4re nebenbei, wie das sexistische Milit\u00e4rrecht im Bezug auf S\u00f6ldnerinnen auszulegen ist.<\/p>\n<p>Die Jihadreisen aber pr\u00e4ventiv zu verbieten halte ich f\u00fcr rechtsstaatlich ganz schwierig. Der geneigte Jihadist macht ja objektiv nichts anderes als Richtung Konfliktgebiet auszureisen. Vom edlen Helfer ist er nur durch seinen Gedanken ans zuk\u00fcnftige S\u00f6ldnerleben, d.h. durch den Vorsatz zu unterscheiden. Ein Versuch zur sogenannten Reisl\u00e4uferei scheidet auch aus, denn selbst mit den Nonstop-Flug nach Aleppo kann wohl kaum die Schwelle zur Kriegshandlung \u00fcberschritten sein, ab der es zum Milit\u00e4rdienst im ISIS kein zur\u00fcck mehr gibt.<\/p>\n<p>Zudem wir nicht jeder, denn der Nachrichtendienst des Bundes oder die Bundespolizei als Jihad-Sympathisant verd\u00e4chtigt auch tats\u00e4chlich gewillt sein, daf\u00fcr in den Krieg zu ziehen. Genau dies soll aber gem\u00e4ss Bundesrat Grund genug f\u00fcr eine Ausreisesperre sein. Reine Sympathie f\u00fcr eine zugegebnermassen schlimme Sache als Grund f\u00fcr einen schweren Eingriff in Menschenrechte? Stigmatisierung gegen Radikalisierung? Das ist der v\u00f6llig falsche Weg!<\/p>\n","protected":false},"excerpt":{"rendered":"<p>Der Bundesrat will Jihadreisen pr\u00e4ventiv verhindern, indem er Personen, die mit dem heiligen Krieg sympathisieren zur regelm\u00e4ssigen Meldung auf dem Polizeiposten verpflichten oder&hellip;<\/p>\n","protected":false},"author":2,"featured_media":465,"comment_status":"open","ping_status":"closed","sticky":false,"template":"","format":"standard","meta":{"footnotes":""},"categories":[4,22,133,2,8,20],"tags":[176,174],"class_list":["post-464","post","type-post","status-publish","format-standard","has-post-thumbnail","hentry","category-freiheit-selbstbestimmung","category-international","category-menschenrechte","category-politik","category-rechtsstaat","category-schweiz","tag-rechtsstaat","tag-terrormismus"],"_links":{"self":[{"href":"https:\/\/stefanthoeni.ch\/index.php\/wp-json\/wp\/v2\/posts\/464","targetHints":{"allow":["GET"]}}],"collection":[{"href":"https:\/\/stefanthoeni.ch\/index.php\/wp-json\/wp\/v2\/posts"}],"about":[{"href":"https:\/\/stefanthoeni.ch\/index.php\/wp-json\/wp\/v2\/types\/post"}],"author":[{"embeddable":true,"href":"https:\/\/stefanthoeni.ch\/index.php\/wp-json\/wp\/v2\/users\/2"}],"replies":[{"embeddable":true,"href":"https:\/\/stefanthoeni.ch\/index.php\/wp-json\/wp\/v2\/comments?post=464"}],"version-history":[{"count":1,"href":"https:\/\/stefanthoeni.ch\/index.php\/wp-json\/wp\/v2\/posts\/464\/revisions"}],"predecessor-version":[{"id":466,"href":"https:\/\/stefanthoeni.ch\/index.php\/wp-json\/wp\/v2\/posts\/464\/revisions\/466"}],"wp:featuredmedia":[{"embeddable":true,"href":"https:\/\/stefanthoeni.ch\/index.php\/wp-json\/wp\/v2\/media\/465"}],"wp:attachment":[{"href":"https:\/\/stefanthoeni.ch\/index.php\/wp-json\/wp\/v2\/media?parent=464"}],"wp:term":[{"taxonomy":"category","embeddable":true,"href":"https:\/\/stefanthoeni.ch\/index.php\/wp-json\/wp\/v2\/categories?post=464"},{"taxonomy":"post_tag","embeddable":true,"href":"https:\/\/stefanthoeni.ch\/index.php\/wp-json\/wp\/v2\/tags?post=464"}],"curies":[{"name":"wp","href":"https:\/\/api.w.org\/{rel}","templated":true}]}}