{"id":473,"date":"2016-11-29T21:24:24","date_gmt":"2016-11-29T19:24:24","guid":{"rendered":"https:\/\/stefanthoeni.ch\/?p=473"},"modified":"2016-11-29T21:26:06","modified_gmt":"2016-11-29T19:26:06","slug":"transparenz-auch-beim-strafgericht-fehlanzeige","status":"publish","type":"post","link":"https:\/\/stefanthoeni.ch\/index.php\/2016\/11\/29\/transparenz-auch-beim-strafgericht-fehlanzeige\/","title":{"rendered":"Transparenz auch beim Strafgericht Fehlanzeige"},"content":{"rendered":"<p lang=\"de-CH\">Das Zuger Strafgericht musste zwar <a href=\"https:\/\/stefanthoeni.ch\/wp-content\/uploads\/2016\/11\/act.-4-Verf\u00fcgung-vom-25.-November-2016.pdf\">z\u00e4hneknirschen eingestehen<\/a>, dass die \u00d6ffentlichkeit Anspruch auf Einsicht in seine Urteile hat, verweigert aber eine Liste derselben. Somit wird der verfassungsm\u00e4ssig \u00d6ffentlichkeitsanspruch auf diejeigen Urteile verk\u00fcrzt, die aus den Medien bekannt sind und der grossteil der richterlichen Arbeit findet weiterhin im Dunkeln statt.<\/p>\n<p lang=\"de-CH\">Besonders lachhaft ist an der Stelle auch das kantonale Recht, welches eine Einsprache gegen die Verf\u00fcgung vorsieht, welche wieder durch dieselbe Richterin entscheiden wird.<\/p>\n<p lang=\"de-CH\">Wie selbstverst\u00e4ndlich wird die Verf\u00fcgung auch auf Papier zugestellt, obschon eine Mailbox bei einer anerkannten Zustellplattform vorhanden ist und das Gesuch elektronisch gestellt wurde.<\/p>\n","protected":false},"excerpt":{"rendered":"<p>Das Zuger Strafgericht musste zwar z\u00e4hneknirschen eingestehen, dass die \u00d6ffentlichkeit Anspruch auf Einsicht in seine Urteile hat, verweigert aber eine Liste derselben. Somit&hellip;<\/p>\n","protected":false},"author":2,"featured_media":475,"comment_status":"open","ping_status":"closed","sticky":false,"template":"","format":"standard","meta":{"footnotes":""},"categories":[21,2,20,100],"tags":[51,180,178],"class_list":["post-473","post","type-post","status-publish","format-standard","has-post-thumbnail","hentry","category-kanton-zug","category-politik","category-schweiz","category-transparenz","tag-gericht","tag-rechtssaat","tag-transparenz"],"_links":{"self":[{"href":"https:\/\/stefanthoeni.ch\/index.php\/wp-json\/wp\/v2\/posts\/473","targetHints":{"allow":["GET"]}}],"collection":[{"href":"https:\/\/stefanthoeni.ch\/index.php\/wp-json\/wp\/v2\/posts"}],"about":[{"href":"https:\/\/stefanthoeni.ch\/index.php\/wp-json\/wp\/v2\/types\/post"}],"author":[{"embeddable":true,"href":"https:\/\/stefanthoeni.ch\/index.php\/wp-json\/wp\/v2\/users\/2"}],"replies":[{"embeddable":true,"href":"https:\/\/stefanthoeni.ch\/index.php\/wp-json\/wp\/v2\/comments?post=473"}],"version-history":[{"count":1,"href":"https:\/\/stefanthoeni.ch\/index.php\/wp-json\/wp\/v2\/posts\/473\/revisions"}],"predecessor-version":[{"id":479,"href":"https:\/\/stefanthoeni.ch\/index.php\/wp-json\/wp\/v2\/posts\/473\/revisions\/479"}],"wp:featuredmedia":[{"embeddable":true,"href":"https:\/\/stefanthoeni.ch\/index.php\/wp-json\/wp\/v2\/media\/475"}],"wp:attachment":[{"href":"https:\/\/stefanthoeni.ch\/index.php\/wp-json\/wp\/v2\/media?parent=473"}],"wp:term":[{"taxonomy":"category","embeddable":true,"href":"https:\/\/stefanthoeni.ch\/index.php\/wp-json\/wp\/v2\/categories?post=473"},{"taxonomy":"post_tag","embeddable":true,"href":"https:\/\/stefanthoeni.ch\/index.php\/wp-json\/wp\/v2\/tags?post=473"}],"curies":[{"name":"wp","href":"https:\/\/api.w.org\/{rel}","templated":true}]}}