{"id":509,"date":"2017-02-18T22:44:43","date_gmt":"2017-02-18T20:44:43","guid":{"rendered":"https:\/\/stefanthoeni.ch\/?p=509"},"modified":"2017-02-18T22:45:56","modified_gmt":"2017-02-18T20:45:56","slug":"bericht-von-der-pirate-security-conference","status":"publish","type":"post","link":"https:\/\/stefanthoeni.ch\/index.php\/2017\/02\/18\/bericht-von-der-pirate-security-conference\/","title":{"rendered":"Bericht von der Pirate Security Conference"},"content":{"rendered":"<p lang=\"de-CH\"><span style=\"font-family: Arial,sans-serif;\" face=\"Arial, sans-serif\"><span style=\"font-size: large;\" size=\"4\">Es war mein erster Besuch der Pirate Security Conference in M\u00fcnchen und er hat sich gelohnt. Einige Vortr\u00e4ge, allen voran die von Enno Lenze, Vesselin Popov und Alexandre Vautravers waren wirklich hervorragend. Die Crossover-Veranstaltung bei der M\u00fcnchner Sicherheitskonferenz im bayrischen Hof war etwas Besonderes, auch wenn die dort Panelisten nicht viel Neues zu sagen hatten.<\/span><\/span><\/p>\n<p lang=\"de-CH\"><span style=\"font-family: Arial,sans-serif;\" face=\"Arial, sans-serif\"><span style=\"font-size: large;\" size=\"4\">Die Organisation war gut und das dreit\u00e4tige Format hat einfach gestimmt. Abends war genug Zeit um ausgiebig zu networken und Ideen mit anderen Piraten auszutauschen.<\/span><\/span><\/p>\n<p lang=\"de-CH\"><span style=\"font-family: Arial,sans-serif;\" face=\"Arial, sans-serif\"><span style=\"font-size: large;\" size=\"4\">F\u00fcr die Zukunft w\u00fcnsche ich mir, dass wir noch mehr internationale Piraten und Medien sowie mehr G\u00e4ste hinbekommen. Daf\u00fcr m\u00fcssen wir international, rechtzeitig und grossfl\u00e4chtig Werbung machen. F\u00fcr die Piraten aus der Schweiz sollten wir eine Gruppenreise mit g\u00fcnstiger \u00dcbernachungsm\u00f6glichkeit organisieren.<\/span><\/span><\/p>\n","protected":false},"excerpt":{"rendered":"<p>Es war mein erster Besuch der Pirate Security Conference in M\u00fcnchen und er hat sich gelohnt. Einige Vortr\u00e4ge, allen voran die von Enno&hellip;<\/p>\n","protected":false},"author":2,"featured_media":511,"comment_status":"open","ping_status":"closed","sticky":false,"template":"","format":"standard","meta":{"footnotes":""},"categories":[22,2,20],"tags":[182,71],"class_list":["post-509","post","type-post","status-publish","format-standard","has-post-thumbnail","hentry","category-international","category-politik","category-schweiz","tag-psc","tag-sicherheit"],"_links":{"self":[{"href":"https:\/\/stefanthoeni.ch\/index.php\/wp-json\/wp\/v2\/posts\/509","targetHints":{"allow":["GET"]}}],"collection":[{"href":"https:\/\/stefanthoeni.ch\/index.php\/wp-json\/wp\/v2\/posts"}],"about":[{"href":"https:\/\/stefanthoeni.ch\/index.php\/wp-json\/wp\/v2\/types\/post"}],"author":[{"embeddable":true,"href":"https:\/\/stefanthoeni.ch\/index.php\/wp-json\/wp\/v2\/users\/2"}],"replies":[{"embeddable":true,"href":"https:\/\/stefanthoeni.ch\/index.php\/wp-json\/wp\/v2\/comments?post=509"}],"version-history":[{"count":1,"href":"https:\/\/stefanthoeni.ch\/index.php\/wp-json\/wp\/v2\/posts\/509\/revisions"}],"predecessor-version":[{"id":512,"href":"https:\/\/stefanthoeni.ch\/index.php\/wp-json\/wp\/v2\/posts\/509\/revisions\/512"}],"wp:featuredmedia":[{"embeddable":true,"href":"https:\/\/stefanthoeni.ch\/index.php\/wp-json\/wp\/v2\/media\/511"}],"wp:attachment":[{"href":"https:\/\/stefanthoeni.ch\/index.php\/wp-json\/wp\/v2\/media?parent=509"}],"wp:term":[{"taxonomy":"category","embeddable":true,"href":"https:\/\/stefanthoeni.ch\/index.php\/wp-json\/wp\/v2\/categories?post=509"},{"taxonomy":"post_tag","embeddable":true,"href":"https:\/\/stefanthoeni.ch\/index.php\/wp-json\/wp\/v2\/tags?post=509"}],"curies":[{"name":"wp","href":"https:\/\/api.w.org\/{rel}","templated":true}]}}