{"id":528,"date":"2017-04-30T22:00:37","date_gmt":"2017-04-30T20:00:37","guid":{"rendered":"https:\/\/stefanthoeni.ch\/?p=528"},"modified":"2018-01-30T16:07:55","modified_gmt":"2018-01-30T14:07:55","slug":"zuger-behorden-nehmen-transparenz-nicht-ernst","status":"publish","type":"post","link":"https:\/\/stefanthoeni.ch\/index.php\/2017\/04\/30\/zuger-behorden-nehmen-transparenz-nicht-ernst\/","title":{"rendered":"Zuger Beh\u00f6rden nehmen Transparenz nicht ernst"},"content":{"rendered":"<p>Die Zuger Beh\u00f6rden nehmen meine Beschwerde ans Bundesgericht wegen der verfassungswidrigen Einschr\u00e4nkungen der Einsicht gem\u00e4ss \u00d6ffentlichkeitsgesetz nicht ernst. Sie schreiben dem Bundesgericht bloss, dass sie nichts dazu zu sagen haben:<\/p>\n<ul>\n<li><a href=\"https:\/\/stefanthoeni.ch\/wp-content\/uploads\/2017\/04\/act.-34-Stellungnahme-des-VGer-vom-22.-M\u00e4rz-2017.pdf\">act. 34 Stellungnahme des VGer vom 22. M\u00e4rz 2017<\/a><\/li>\n<li><a href=\"https:\/\/stefanthoeni.ch\/wp-content\/uploads\/2017\/04\/act.-35-Stellungnahme-des-RR-vom-28.-M\u00e4rz-2017.pdf\">act. 35 Stellungnahme des RR vom 28. M\u00e4rz 2017<\/a><\/li>\n<li><a href=\"https:\/\/stefanthoeni.ch\/wp-content\/uploads\/2017\/04\/act.-36-Stellungnahme-des-GR-vom-13.-April-2017.pdf\">act. 36 Stellungnahme des GR vom 13. April 2017<\/a><\/li>\n<\/ul>\n<p>Bleibt mir nur zu hoffen, dass transparenzfreundliche Bundesrichter die Zuger Schikanen abstellen.<\/p>\n","protected":false},"excerpt":{"rendered":"<p>Die Zuger Beh\u00f6rden nehmen meine Beschwerde ans Bundesgericht wegen der verfassungswidrigen Einschr\u00e4nkungen der Einsicht gem\u00e4ss \u00d6ffentlichkeitsgesetz nicht ernst. Sie schreiben dem Bundesgericht bloss,&hellip;<\/p>\n","protected":false},"author":2,"featured_media":556,"comment_status":"open","ping_status":"closed","sticky":false,"template":"","format":"standard","meta":{"footnotes":""},"categories":[21,2,20,23,100],"tags":[],"class_list":["post-528","post","type-post","status-publish","format-standard","has-post-thumbnail","hentry","category-kanton-zug","category-politik","category-schweiz","category-steinhausen","category-transparenz"],"_links":{"self":[{"href":"https:\/\/stefanthoeni.ch\/index.php\/wp-json\/wp\/v2\/posts\/528","targetHints":{"allow":["GET"]}}],"collection":[{"href":"https:\/\/stefanthoeni.ch\/index.php\/wp-json\/wp\/v2\/posts"}],"about":[{"href":"https:\/\/stefanthoeni.ch\/index.php\/wp-json\/wp\/v2\/types\/post"}],"author":[{"embeddable":true,"href":"https:\/\/stefanthoeni.ch\/index.php\/wp-json\/wp\/v2\/users\/2"}],"replies":[{"embeddable":true,"href":"https:\/\/stefanthoeni.ch\/index.php\/wp-json\/wp\/v2\/comments?post=528"}],"version-history":[{"count":1,"href":"https:\/\/stefanthoeni.ch\/index.php\/wp-json\/wp\/v2\/posts\/528\/revisions"}],"predecessor-version":[{"id":532,"href":"https:\/\/stefanthoeni.ch\/index.php\/wp-json\/wp\/v2\/posts\/528\/revisions\/532"}],"wp:featuredmedia":[{"embeddable":true,"href":"https:\/\/stefanthoeni.ch\/index.php\/wp-json\/wp\/v2\/media\/556"}],"wp:attachment":[{"href":"https:\/\/stefanthoeni.ch\/index.php\/wp-json\/wp\/v2\/media?parent=528"}],"wp:term":[{"taxonomy":"category","embeddable":true,"href":"https:\/\/stefanthoeni.ch\/index.php\/wp-json\/wp\/v2\/categories?post=528"},{"taxonomy":"post_tag","embeddable":true,"href":"https:\/\/stefanthoeni.ch\/index.php\/wp-json\/wp\/v2\/tags?post=528"}],"curies":[{"name":"wp","href":"https:\/\/api.w.org\/{rel}","templated":true}]}}